{"id":475,"date":"2021-01-06T13:00:01","date_gmt":"2021-01-06T13:00:01","guid":{"rendered":"http:\/\/www.heimatverein-wyhl.de\/?p=475"},"modified":"2021-01-13T19:47:17","modified_gmt":"2021-01-13T19:47:17","slug":"hermann-burkhard","status":"publish","type":"post","link":"https:\/\/www.heimatverein-wyhl.de\/?p=475","title":{"rendered":"Hermann Burkart"},"content":{"rendered":"\n<p>Informations-J\u00e4ger und Datensammler f\u00fcr den Heimatverein Wyhl<\/p>\n\n\n\n<p>Ohne seinen uners\u00e4ttlichen Drang die Wyhler B\u00fcrger nach Geschichten auszufragen &#8211; g\u00e4be es sooo viele sch\u00f6ne alte Geschichten \u00fcber Wyhl nicht mehr.<\/p>\n\n\n\n<p>An dieser Stelle ein gro\u00dfes Dankesch\u00f6n an seine unerbittliche Flei\u00dfarbeit.<\/p>\n","protected":false},"excerpt":{"rendered":"<p>Informations-J\u00e4ger und Datensammler f\u00fcr den Heimatverein Wyhl Ohne seinen uners\u00e4ttlichen Drang die Wyhler B\u00fcrger nach Geschichten auszufragen &#8211; g\u00e4be es sooo viele sch\u00f6ne alte Geschichten \u00fcber Wyhl nicht mehr. An dieser Stelle ein gro\u00dfes Dankesch\u00f6n an seine unerbittliche Flei\u00dfarbeit.<\/p>\n","protected":false},"author":1,"featured_media":0,"comment_status":"closed","ping_status":"closed","sticky":false,"template":"","format":"standard","meta":{"ngg_post_thumbnail":0,"footnotes":""},"categories":[3],"tags":[9,8],"class_list":["post-475","post","type-post","status-publish","format-standard","hentry","category-wyhler_personen","tag-chronist","tag-hermann-burkhard"],"yoast_head":"<!-- This site is optimized with the Yoast SEO plugin v27.5 - https:\/\/yoast.com\/product\/yoast-seo-wordpress\/ -->\n<title>Hermann Burkart - Heimatverein Wyhl e.V.<\/title>\n<meta name=\"robots\" content=\"index, follow, max-snippet:-1, max-image-preview:large, max-video-preview:-1\" \/>\n<link rel=\"canonical\" href=\"https:\/\/www.heimatverein-wyhl.de\/?p=475\" \/>\n<meta property=\"og:locale\" content=\"de_DE\" \/>\n<meta property=\"og:type\" content=\"article\" \/>\n<meta property=\"og:title\" content=\"Hermann Burkart - Heimatverein Wyhl e.V.\" \/>\n<meta property=\"og:description\" content=\"Informations-J\u00e4ger und Datensammler f\u00fcr den Heimatverein Wyhl Ohne seinen uners\u00e4ttlichen Drang die Wyhler B\u00fcrger nach Geschichten auszufragen &#8211; g\u00e4be es sooo viele sch\u00f6ne alte Geschichten \u00fcber Wyhl nicht mehr. An dieser Stelle ein gro\u00dfes Dankesch\u00f6n an seine unerbittliche Flei\u00dfarbeit.\" \/>\n<meta property=\"og:url\" content=\"https:\/\/www.heimatverein-wyhl.de\/?p=475\" \/>\n<meta property=\"og:site_name\" content=\"Heimatverein Wyhl e.V.\" \/>\n<meta property=\"article:published_time\" content=\"2021-01-06T13:00:01+00:00\" \/>\n<meta property=\"article:modified_time\" content=\"2021-01-13T19:47:17+00:00\" \/>\n<meta name=\"author\" content=\"Thomas\" \/>\n<meta name=\"twitter:card\" content=\"summary_large_image\" \/>\n<meta name=\"twitter:label1\" content=\"Verfasst von\" \/>\n\t<meta name=\"twitter:data1\" content=\"Thomas\" \/>\n\t<meta name=\"twitter:label2\" content=\"Gesch\u00e4tzte Lesezeit\" \/>\n\t<meta name=\"twitter:data2\" content=\"1\u00a0Minute\" \/>\n<script type=\"application\/ld+json\" class=\"yoast-schema-graph\">{\"@context\":\"https:\\\/\\\/schema.org\",\"@graph\":[{\"@type\":\"Article\",\"@id\":\"https:\\\/\\\/www.heimatverein-wyhl.de\\\/?p=475#article\",\"isPartOf\":{\"@id\":\"https:\\\/\\\/www.heimatverein-wyhl.de\\\/?p=475\"},\"author\":{\"name\":\"Thomas\",\"@id\":\"https:\\\/\\\/www.heimatverein-wyhl.de\\\/#\\\/schema\\\/person\\\/bcf58f86748d18b335683e51fa68efb0\"},\"headline\":\"Hermann Burkart\",\"datePublished\":\"2021-01-06T13:00:01+00:00\",\"dateModified\":\"2021-01-13T19:47:17+00:00\",\"mainEntityOfPage\":{\"@id\":\"https:\\\/\\\/www.heimatverein-wyhl.de\\\/?p=475\"},\"wordCount\":50,\"keywords\":[\"Chronist\",\"Hermann Burkhard\"],\"articleSection\":[\"Wyhler Personen\"],\"inLanguage\":\"de\"},{\"@type\":\"WebPage\",\"@id\":\"https:\\\/\\\/www.heimatverein-wyhl.de\\\/?p=475\",\"url\":\"https:\\\/\\\/www.heimatverein-wyhl.de\\\/?p=475\",\"name\":\"Hermann Burkart - Heimatverein Wyhl e.V.\",\"isPartOf\":{\"@id\":\"https:\\\/\\\/www.heimatverein-wyhl.de\\\/#website\"},\"datePublished\":\"2021-01-06T13:00:01+00:00\",\"dateModified\":\"2021-01-13T19:47:17+00:00\",\"author\":{\"@id\":\"https:\\\/\\\/www.heimatverein-wyhl.de\\\/#\\\/schema\\\/person\\\/bcf58f86748d18b335683e51fa68efb0\"},\"breadcrumb\":{\"@id\":\"https:\\\/\\\/www.heimatverein-wyhl.de\\\/?p=475#breadcrumb\"},\"inLanguage\":\"de\",\"potentialAction\":[{\"@type\":\"ReadAction\",\"target\":[\"https:\\\/\\\/www.heimatverein-wyhl.de\\\/?p=475\"]}]},{\"@type\":\"BreadcrumbList\",\"@id\":\"https:\\\/\\\/www.heimatverein-wyhl.de\\\/?p=475#breadcrumb\",\"itemListElement\":[{\"@type\":\"ListItem\",\"position\":1,\"name\":\"Startseite\",\"item\":\"https:\\\/\\\/www.heimatverein-wyhl.de\\\/\"},{\"@type\":\"ListItem\",\"position\":2,\"name\":\"Hermann Burkart\"}]},{\"@type\":\"WebSite\",\"@id\":\"https:\\\/\\\/www.heimatverein-wyhl.de\\\/#website\",\"url\":\"https:\\\/\\\/www.heimatverein-wyhl.de\\\/\",\"name\":\"Heimatverein Wyhl e.V.\",\"description\":\"Herzlich Willkommen beim Heimatverein Wyhl e.V.\",\"potentialAction\":[{\"@type\":\"SearchAction\",\"target\":{\"@type\":\"EntryPoint\",\"urlTemplate\":\"https:\\\/\\\/www.heimatverein-wyhl.de\\\/?s={search_term_string}\"},\"query-input\":{\"@type\":\"PropertyValueSpecification\",\"valueRequired\":true,\"valueName\":\"search_term_string\"}}],\"inLanguage\":\"de\"},{\"@type\":\"Person\",\"@id\":\"https:\\\/\\\/www.heimatverein-wyhl.de\\\/#\\\/schema\\\/person\\\/bcf58f86748d18b335683e51fa68efb0\",\"name\":\"Thomas\",\"image\":{\"@type\":\"ImageObject\",\"inLanguage\":\"de\",\"@id\":\"https:\\\/\\\/secure.gravatar.com\\\/avatar\\\/d5c776dde63bbc31bc481e716986be51975c553199891af7d21bcdea93bd2901?s=96&d=mm&r=g\",\"url\":\"https:\\\/\\\/secure.gravatar.com\\\/avatar\\\/d5c776dde63bbc31bc481e716986be51975c553199891af7d21bcdea93bd2901?s=96&d=mm&r=g\",\"contentUrl\":\"https:\\\/\\\/secure.gravatar.com\\\/avatar\\\/d5c776dde63bbc31bc481e716986be51975c553199891af7d21bcdea93bd2901?s=96&d=mm&r=g\",\"caption\":\"Thomas\"},\"url\":\"https:\\\/\\\/www.heimatverein-wyhl.de\\\/?author=1\"}]}<\/script>\n<!-- \/ Yoast SEO plugin. -->","yoast_head_json":{"title":"Hermann Burkart - Heimatverein Wyhl e.V.","robots":{"index":"index","follow":"follow","max-snippet":"max-snippet:-1","max-image-preview":"max-image-preview:large","max-video-preview":"max-video-preview:-1"},"canonical":"https:\/\/www.heimatverein-wyhl.de\/?p=475","og_locale":"de_DE","og_type":"article","og_title":"Hermann Burkart - Heimatverein Wyhl e.V.","og_description":"Informations-J\u00e4ger und Datensammler f\u00fcr den Heimatverein Wyhl Ohne seinen uners\u00e4ttlichen Drang die Wyhler B\u00fcrger nach Geschichten auszufragen &#8211; g\u00e4be es sooo viele sch\u00f6ne alte Geschichten \u00fcber Wyhl nicht mehr. An dieser Stelle ein gro\u00dfes Dankesch\u00f6n an seine unerbittliche Flei\u00dfarbeit.","og_url":"https:\/\/www.heimatverein-wyhl.de\/?p=475","og_site_name":"Heimatverein Wyhl e.V.","article_published_time":"2021-01-06T13:00:01+00:00","article_modified_time":"2021-01-13T19:47:17+00:00","author":"Thomas","twitter_card":"summary_large_image","twitter_misc":{"Verfasst von":"Thomas","Gesch\u00e4tzte Lesezeit":"1\u00a0Minute"},"schema":{"@context":"https:\/\/schema.org","@graph":[{"@type":"Article","@id":"https:\/\/www.heimatverein-wyhl.de\/?p=475#article","isPartOf":{"@id":"https:\/\/www.heimatverein-wyhl.de\/?p=475"},"author":{"name":"Thomas","@id":"https:\/\/www.heimatverein-wyhl.de\/#\/schema\/person\/bcf58f86748d18b335683e51fa68efb0"},"headline":"Hermann Burkart","datePublished":"2021-01-06T13:00:01+00:00","dateModified":"2021-01-13T19:47:17+00:00","mainEntityOfPage":{"@id":"https:\/\/www.heimatverein-wyhl.de\/?p=475"},"wordCount":50,"keywords":["Chronist","Hermann Burkhard"],"articleSection":["Wyhler Personen"],"inLanguage":"de"},{"@type":"WebPage","@id":"https:\/\/www.heimatverein-wyhl.de\/?p=475","url":"https:\/\/www.heimatverein-wyhl.de\/?p=475","name":"Hermann Burkart - Heimatverein Wyhl e.V.","isPartOf":{"@id":"https:\/\/www.heimatverein-wyhl.de\/#website"},"datePublished":"2021-01-06T13:00:01+00:00","dateModified":"2021-01-13T19:47:17+00:00","author":{"@id":"https:\/\/www.heimatverein-wyhl.de\/#\/schema\/person\/bcf58f86748d18b335683e51fa68efb0"},"breadcrumb":{"@id":"https:\/\/www.heimatverein-wyhl.de\/?p=475#breadcrumb"},"inLanguage":"de","potentialAction":[{"@type":"ReadAction","target":["https:\/\/www.heimatverein-wyhl.de\/?p=475"]}]},{"@type":"BreadcrumbList","@id":"https:\/\/www.heimatverein-wyhl.de\/?p=475#breadcrumb","itemListElement":[{"@type":"ListItem","position":1,"name":"Startseite","item":"https:\/\/www.heimatverein-wyhl.de\/"},{"@type":"ListItem","position":2,"name":"Hermann Burkart"}]},{"@type":"WebSite","@id":"https:\/\/www.heimatverein-wyhl.de\/#website","url":"https:\/\/www.heimatverein-wyhl.de\/","name":"Heimatverein Wyhl e.V.","description":"Herzlich Willkommen beim Heimatverein Wyhl e.V.","potentialAction":[{"@type":"SearchAction","target":{"@type":"EntryPoint","urlTemplate":"https:\/\/www.heimatverein-wyhl.de\/?s={search_term_string}"},"query-input":{"@type":"PropertyValueSpecification","valueRequired":true,"valueName":"search_term_string"}}],"inLanguage":"de"},{"@type":"Person","@id":"https:\/\/www.heimatverein-wyhl.de\/#\/schema\/person\/bcf58f86748d18b335683e51fa68efb0","name":"Thomas","image":{"@type":"ImageObject","inLanguage":"de","@id":"https:\/\/secure.gravatar.com\/avatar\/d5c776dde63bbc31bc481e716986be51975c553199891af7d21bcdea93bd2901?s=96&d=mm&r=g","url":"https:\/\/secure.gravatar.com\/avatar\/d5c776dde63bbc31bc481e716986be51975c553199891af7d21bcdea93bd2901?s=96&d=mm&r=g","contentUrl":"https:\/\/secure.gravatar.com\/avatar\/d5c776dde63bbc31bc481e716986be51975c553199891af7d21bcdea93bd2901?s=96&d=mm&r=g","caption":"Thomas"},"url":"https:\/\/www.heimatverein-wyhl.de\/?author=1"}]}},"_links":{"self":[{"href":"https:\/\/www.heimatverein-wyhl.de\/index.php?rest_route=\/wp\/v2\/posts\/475","targetHints":{"allow":["GET"]}}],"collection":[{"href":"https:\/\/www.heimatverein-wyhl.de\/index.php?rest_route=\/wp\/v2\/posts"}],"about":[{"href":"https:\/\/www.heimatverein-wyhl.de\/index.php?rest_route=\/wp\/v2\/types\/post"}],"author":[{"embeddable":true,"href":"https:\/\/www.heimatverein-wyhl.de\/index.php?rest_route=\/wp\/v2\/users\/1"}],"replies":[{"embeddable":true,"href":"https:\/\/www.heimatverein-wyhl.de\/index.php?rest_route=%2Fwp%2Fv2%2Fcomments&post=475"}],"version-history":[{"count":3,"href":"https:\/\/www.heimatverein-wyhl.de\/index.php?rest_route=\/wp\/v2\/posts\/475\/revisions"}],"predecessor-version":[{"id":545,"href":"https:\/\/www.heimatverein-wyhl.de\/index.php?rest_route=\/wp\/v2\/posts\/475\/revisions\/545"}],"wp:attachment":[{"href":"https:\/\/www.heimatverein-wyhl.de\/index.php?rest_route=%2Fwp%2Fv2%2Fmedia&parent=475"}],"wp:term":[{"taxonomy":"category","embeddable":true,"href":"https:\/\/www.heimatverein-wyhl.de\/index.php?rest_route=%2Fwp%2Fv2%2Fcategories&post=475"},{"taxonomy":"post_tag","embeddable":true,"href":"https:\/\/www.heimatverein-wyhl.de\/index.php?rest_route=%2Fwp%2Fv2%2Ftags&post=475"}],"curies":[{"name":"wp","href":"https:\/\/api.w.org\/{rel}","templated":true}]}}