{"id":489,"date":"2022-01-25T20:00:22","date_gmt":"2022-01-25T20:00:22","guid":{"rendered":"http:\/\/www.heimatverein-wyhl.de\/?p=489"},"modified":"2022-01-25T20:15:30","modified_gmt":"2022-01-25T20:15:30","slug":"wolfgang-zimmer","status":"publish","type":"post","link":"https:\/\/www.heimatverein-wyhl.de\/?p=489","title":{"rendered":"Wolfgang Zimmer"},"content":{"rendered":"<p><strong>Wolfgang Zimmer<\/strong><\/p>\n<p>*3. Oktober 1941&nbsp; + 10. Oktober 2006<\/p>\n<p>1968 bis 1992 B\u00fcrgermeister der Gemeinde Wyhl<\/p>\n<p>Hier die Dokumentation als PDF &#8211; <a href=\"http:\/\/www.heimatverein-wyhl.de\/wp-content\/uploads\/2022\/01\/Wolfgang-Zimmer-Heimatverein-Kopie.pdf\" target=\"_blank\" rel=\"noopener\">mit Bildern Wolfgang Zimmer<\/a>&nbsp;&nbsp;&nbsp;&nbsp;&nbsp;&nbsp;(Verfasser Norbert Zimmer)<\/p>\n<p>Wolfgang Zimmer wurde am 3. Oktober 1941 in Emmendingen als drittes KInd schlesischer Eltern geboren. Sein Vater, Kupferschmiedemeister mit internationaler Montageerfahrung im Brauereibau, war Mitte der drei\u00dfiger Jahre bei einem Emmendinger Unternehmen angeworben worden. Er stand dem nationalsozialistischen Gedankengut kritisch gegen\u00fcber. Bei dem Kleinkind Wolfgang haben die Ereignisse seiner ersten Lebensjahre bis Kriegsende bleibende Eindr\u00fccke hinterlassen &#8211; er musste das ebenso faszinierende wie grausame Schauspiel n\u00e4chtlicher Luftangriffe miterleben und&nbsp; gemeinsam mit der Familie in Schutz fliehen &#8211; und so hat dies vermutlich auch seine Lebensprinzipien gepr\u00e4gt.<\/p>\n<p>&nbsp;<\/p>\n<p>Er wuchs mit all den Lasten aber auch den Chancen und dem Selbsbewusstein der Nachkriegsgeneration auf, wurde Mitglied der Kolpingfamilie, Ministrant und Akolyth.<\/p>\n<p>Gemeinsam mit drei Freunden gr\u00fcndete er die Tanzkapelle Tromba, mit der er an den Wochenenden die heranwachsende Generation im Landkreis zu beeindrucken wusste. Die innige Liebe zur Unterhaltungsmusik sollte ihn sein gesamtes Leben \u00fcber pr\u00e4gen. Die Gitarre und das Akkordeon waren seine st\u00e4ndigen Wegbegleiter, erg\u00e4nzt um ein unersch\u00f6pfliches Repertoire an Liedern unterschiedlichster Auspr\u00e4gung.<\/p>\n<p>Sein Lebensmotto k\u00f6nnte man am ehesten so skizzieren: Stehe zu deiner \u00dcberzeugung, tue das, was man von dir erwartet und erinnere dich an deine Versprechen. Das Ganze&nbsp; gew\u00fcrzt mit einer unersch\u00fctterlich positiven Lebenseinstellung.<\/p>\n<p>Dies hat auch seine Ehe mit seiner \u201eUsch\u201c der starken und engagierten Frau an seiner Seite und die Familie &#8211; die beiden haben zwei S\u00f6hne &#8211; gepr\u00e4gt.<\/p>\n<p>Seine berufliche Laufbahn begann er im April 1956 als Jungwerker bei der Deutschen Bundesbahn in Emmendingen. 1959 wurde er als Bundesbahnassistentenanw\u00e4rter in das Beamtenverh\u00e4ltnis \u00fcbernommen. Ab 1962 war er bei der Stadtverwaltung Emmendingen als Angestellter, sp\u00e4ter als Stadtinspektor besch\u00e4ftigt.<\/p>\n<p>Der B\u00fcrgermeister<\/p>\n<p>1968 entschloss er sich, aus der Festanstellung in der Stadtverwaltung in die Kommunalpolitik zu wechseln. Er stellte sich nach verschiedenen Probel\u00e4ufen in anderen Gemeinden, im August 1968 in Wyhl zur Wahl und wurde mit \u00fcberzeugender Mehrheit gew\u00e4hlt. Mit seinen knapp 27 Jahren&nbsp; r\u00fcckte er in die Riege der j\u00fcngsten B\u00fcrgermeister Deutschlands ein.&nbsp;<\/p>\n<p>Eines der ersten Gl\u00fcckwunschreiben endete mit den Worten: \u201eM\u00f6ge sich Ihre Qualifikation und Ihr verwaltungsfachm\u00e4nnischen K\u00f6nnen zum Wohle unserer Heimatgemeinde auswirken.\u201c Nun galt es also f\u00fcr den St\u00e4dter, die Wyhler durch Taten zu \u00fcberzeugen. Es sollte der Beginn einer 24 Jahre dauernden Erfolgsgeschichte mit vielen H\u00f6hen aber auch tiefen Tiefen werden.<\/p>\n<p>&nbsp;<\/p>\n<p>Erschlie\u00dfung von Neubaugebieten, der Ausbau von Schul- und Verwaltungsgeb\u00e4uden, einer Leichenhalle, einer Kl\u00e4ranlage, einer Sport- und Mehrzweckhalle, die Versch\u00f6nerung des Dorfbildes. Diese beispielhaften Projekte beschreiben nicht weniger als den Wandel vom b\u00e4uerlichen Dorf zur modernen Gemeinde. Gleichzeitig hat sich in diesen Jahren die Pro-Kopf-Verschuldung der Gemeinde Wyhl von 460 Mark auf 78 Mark verbessert.<\/p>\n<p>&nbsp;<\/p>\n<p>Wolfgang Zimmer hat sich intensiv und pr\u00e4gend in die vielf\u00e4ltige Wyhler Vereinslandschaft eingebracht, hat Vereine mitgegr\u00fcndet, sich in Vorstandschaften bzw. als Vorsitzender, als aktiver Musiker und selbst als Aushilfsdirigent engagiert. Aber nicht nur er, auch seine Ehefrau Ursula hat sich engagiert eingebracht, wurde Balettchefin, Pfarrgemeinder\u00e4tin, Schriftf\u00fchrerin.<\/p>\n<p>&nbsp;<\/p>\n<p>Die Gr\u00fcndung des Heimatvereins, der Narrengilde, des Tennisclub, des AJZ &#8211; um nur einige zu nennen &#8211; gehen auf Wolfgangs Initiative zur\u00fcck. Neben der Musik wurde der Tennischl\u00e4ger sein st\u00e4ndiger Begleiter. Versuchsweise auch das Rennrad.<\/p>\n<p>&nbsp;<\/p>\n<p>Mit \u201eReden hilft\u201c k\u00f6nnte man seine Haltung umschreiben, jeden, jede Gruppe und jede Meinung ernst zu nehmen, anzuh\u00f6ren und nach M\u00f6glichkeit eine L\u00f6sung zu finden. Egal ob es mit Vertretern des AJZ darum geht, der Jugend Raum und Aktionsfl\u00e4che zu geben, Streitigkeiten, gleichwelcher Art zu schlichten oder die Vereinsgemeinschaft zu f\u00f6rdern und zu fordern.<\/p>\n<p>&nbsp;<\/p>\n<p>Durch seine bisweilen \u00fcberraschend spontan unterhaltsame Art wusste er vielf\u00e4ltig zu \u00fcberraschen. In Erinnerung bleibt seine Figur des Dorfbott in der Wyhler Fastnet oder die Moritatens\u00e4nger.<\/p>\n<p>&nbsp;<\/p>\n<p>Kernkraftwerk<\/p>\n<p>Nicht zum Lachen, war die Initiative zur Ansiedlung eines Kernkraftwerkes im Wyhler Wald in den Siebziger Jahren. Was man heute r\u00fcckblickend wohlwollend als den Beginn der Umweltbewegung betiteln k\u00f6nnte, war in der Realit\u00e4t ein bisweilen schmerzhafter und ins pers\u00f6nliche gehender Prozess, der tats\u00e4chlich das Dorf mehr spaltete als vereinte. Den wirtschaftlichen Vorteil des bis dahin in dieser Hinsicht nicht gerade verw\u00f6hnten Dorfes im Blick, engagierte sich B\u00fcrgermeister Wolfgang Zimmer als Initiator, vehementer Bef\u00fcrworter und K\u00e4mpfer f\u00fcr dieses Projekt. Dabei hat er sich immer der Mehrheiten versichert. Die gesellschaftlichen Auswirkungen waren dabei nicht von vorneherein absch\u00e4tzbar. Die Entwicklungen dieser Tage, Wochen, Monate und Jahre sind an vielen Stellen hinreichend aufgearbeitet und gewertet worden. Die Spuren, die bei vielen Beteiligten entstanden sind, sind nicht zu leugnen. Es ist, wie es ist.<\/p>\n<p>Die kommunalpolitischen Erfolge haben Wolfgang Zimmer \u00fcber die Grenzen Wyhls hinaus wirken lassen. Er war bis 1998 Mitglied des Kreistages und Fraktionsvorsitzender der CDU, hat gemeinsam mit seinen B\u00fcrgermeister- und Kreistagskollegen internationale Beziehungen aufgebaut bzw. gepflegt. Allem voran die Kontakte zur Colonia Tovar.<\/p>\n<p>Der Ruhestand<\/p>\n<p>Im August 1992 endete nach 24 Jahren die \u00c4ra Wolfgang Zimmer. Vom j\u00fcngsten B\u00fcrgermeister ist er zum j\u00fcngsten Pension\u00e4r des Landkreisen geworden. Zu seinem Abschied erinnerte sein Stellvertreter J\u00fcrgen N\u00f6ssler an das Thema Kernkraftwerk. Trotz damals schroffer und gegens\u00e4tzlicher Ansichten erf\u00fclle es ihn mit Zufriedenheit, dass eben jene Gegens\u00e4tze nicht un\u00fcberbr\u00fcckbar waren und man langsam aufeinander zugegangen war. So berichtete die Badische Zeitung. Vers\u00f6hnliche Worte.<\/p>\n<p>Aber von Ruhestand keine Spur. Mit seinen kommunalpolitischen und verwaltungstechnischen Erfahrungen stand er in den folgenden Jahren so manchem als Ratgeber zur Seite.<\/p>\n<p>Nach seinem Abschied als B\u00fcrgermeister blieb er weiter als Aufsichtsratsvorsitzender der Raiffeisenbank Wyhl t\u00e4tig,&nbsp; ein Amt, das er ebenfalls mit viel Leidenschaft ausgef\u00fcllt hat.<\/p>\n<p>Wolfgang starb wenige Tage nach seinem 65. Geburtstag. \u00dcberraschend wie er selbst und eben vieles in seinem Leben. Man m\u00f6chte ihm nachrufen: Thank you for the music, Wolfgang!<\/p>\n<p><img loading=\"lazy\" decoding=\"async\" class=\"aligncenter size-large wp-image-692\" src=\"http:\/\/www.heimatverein-wyhl.de\/wp-content\/uploads\/2022\/01\/1975-1024x682.jpg\" alt=\"\" width=\"750\" height=\"500\" srcset=\"https:\/\/www.heimatverein-wyhl.de\/wp-content\/uploads\/2022\/01\/1975-1024x682.jpg 1024w, https:\/\/www.heimatverein-wyhl.de\/wp-content\/uploads\/2022\/01\/1975-300x200.jpg 300w, https:\/\/www.heimatverein-wyhl.de\/wp-content\/uploads\/2022\/01\/1975-768x512.jpg 768w, https:\/\/www.heimatverein-wyhl.de\/wp-content\/uploads\/2022\/01\/1975-1536x1023.jpg 1536w, https:\/\/www.heimatverein-wyhl.de\/wp-content\/uploads\/2022\/01\/1975.jpg 1821w\" sizes=\"auto, (max-width: 750px) 100vw, 750px\" \/><\/p>\n<p>&nbsp;<\/p>\n<p>&nbsp;<\/p>\n","protected":false},"excerpt":{"rendered":"<p>Wolfgang Zimmer *3. Oktober 1941&nbsp; + 10. Oktober 2006 1968 bis 1992 B\u00fcrgermeister der Gemeinde Wyhl Hier die Dokumentation als PDF &#8211; mit Bildern Wolfgang Zimmer&nbsp;&nbsp;&nbsp;&nbsp;&nbsp;&nbsp;(Verfasser Norbert Zimmer) Wolfgang Zimmer wurde am 3. Oktober 1941 in Emmendingen als drittes KInd<\/p>\n","protected":false},"author":2,"featured_media":0,"comment_status":"closed","ping_status":"closed","sticky":false,"template":"","format":"standard","meta":{"ngg_post_thumbnail":0,"footnotes":""},"categories":[3],"tags":[],"class_list":["post-489","post","type-post","status-publish","format-standard","hentry","category-wyhler_personen"],"yoast_head":"<!-- This site is optimized with the Yoast SEO plugin v27.5 - https:\/\/yoast.com\/product\/yoast-seo-wordpress\/ -->\n<title>Wolfgang Zimmer - Heimatverein Wyhl e.V.<\/title>\n<meta name=\"robots\" content=\"index, follow, max-snippet:-1, max-image-preview:large, max-video-preview:-1\" \/>\n<link rel=\"canonical\" href=\"https:\/\/www.heimatverein-wyhl.de\/?p=489\" \/>\n<meta property=\"og:locale\" content=\"de_DE\" \/>\n<meta property=\"og:type\" content=\"article\" \/>\n<meta property=\"og:title\" content=\"Wolfgang Zimmer - Heimatverein Wyhl e.V.\" \/>\n<meta property=\"og:description\" content=\"Wolfgang Zimmer *3. Oktober 1941&nbsp; + 10. Oktober 2006 1968 bis 1992 B\u00fcrgermeister der Gemeinde Wyhl Hier die Dokumentation als PDF &#8211; mit Bildern Wolfgang Zimmer&nbsp;&nbsp;&nbsp;&nbsp;&nbsp;&nbsp;(Verfasser Norbert Zimmer) Wolfgang Zimmer wurde am 3. Oktober 1941 in Emmendingen als drittes KInd\" \/>\n<meta property=\"og:url\" content=\"https:\/\/www.heimatverein-wyhl.de\/?p=489\" \/>\n<meta property=\"og:site_name\" content=\"Heimatverein Wyhl e.V.\" \/>\n<meta property=\"article:published_time\" content=\"2022-01-25T20:00:22+00:00\" \/>\n<meta property=\"article:modified_time\" content=\"2022-01-25T20:15:30+00:00\" \/>\n<meta property=\"og:image\" content=\"http:\/\/www.heimatverein-wyhl.de\/wp-content\/uploads\/2022\/01\/1975-1024x682.jpg\" \/>\n<meta name=\"author\" content=\"Jan Leber\" \/>\n<meta name=\"twitter:card\" content=\"summary_large_image\" \/>\n<meta name=\"twitter:label1\" content=\"Verfasst von\" \/>\n\t<meta name=\"twitter:data1\" content=\"Jan Leber\" \/>\n\t<meta name=\"twitter:label2\" content=\"Gesch\u00e4tzte Lesezeit\" \/>\n\t<meta name=\"twitter:data2\" content=\"5\u00a0Minuten\" \/>\n<script type=\"application\/ld+json\" class=\"yoast-schema-graph\">{\"@context\":\"https:\\\/\\\/schema.org\",\"@graph\":[{\"@type\":\"Article\",\"@id\":\"https:\\\/\\\/www.heimatverein-wyhl.de\\\/?p=489#article\",\"isPartOf\":{\"@id\":\"https:\\\/\\\/www.heimatverein-wyhl.de\\\/?p=489\"},\"author\":{\"name\":\"Jan Leber\",\"@id\":\"https:\\\/\\\/www.heimatverein-wyhl.de\\\/#\\\/schema\\\/person\\\/bb6cd66378936cb96cb0097e5e3b8705\"},\"headline\":\"Wolfgang Zimmer\",\"datePublished\":\"2022-01-25T20:00:22+00:00\",\"dateModified\":\"2022-01-25T20:15:30+00:00\",\"mainEntityOfPage\":{\"@id\":\"https:\\\/\\\/www.heimatverein-wyhl.de\\\/?p=489\"},\"wordCount\":1010,\"image\":{\"@id\":\"https:\\\/\\\/www.heimatverein-wyhl.de\\\/?p=489#primaryimage\"},\"thumbnailUrl\":\"http:\\\/\\\/www.heimatverein-wyhl.de\\\/wp-content\\\/uploads\\\/2022\\\/01\\\/1975-1024x682.jpg\",\"articleSection\":[\"Wyhler Personen\"],\"inLanguage\":\"de\"},{\"@type\":\"WebPage\",\"@id\":\"https:\\\/\\\/www.heimatverein-wyhl.de\\\/?p=489\",\"url\":\"https:\\\/\\\/www.heimatverein-wyhl.de\\\/?p=489\",\"name\":\"Wolfgang Zimmer - Heimatverein Wyhl e.V.\",\"isPartOf\":{\"@id\":\"https:\\\/\\\/www.heimatverein-wyhl.de\\\/#website\"},\"primaryImageOfPage\":{\"@id\":\"https:\\\/\\\/www.heimatverein-wyhl.de\\\/?p=489#primaryimage\"},\"image\":{\"@id\":\"https:\\\/\\\/www.heimatverein-wyhl.de\\\/?p=489#primaryimage\"},\"thumbnailUrl\":\"http:\\\/\\\/www.heimatverein-wyhl.de\\\/wp-content\\\/uploads\\\/2022\\\/01\\\/1975-1024x682.jpg\",\"datePublished\":\"2022-01-25T20:00:22+00:00\",\"dateModified\":\"2022-01-25T20:15:30+00:00\",\"author\":{\"@id\":\"https:\\\/\\\/www.heimatverein-wyhl.de\\\/#\\\/schema\\\/person\\\/bb6cd66378936cb96cb0097e5e3b8705\"},\"breadcrumb\":{\"@id\":\"https:\\\/\\\/www.heimatverein-wyhl.de\\\/?p=489#breadcrumb\"},\"inLanguage\":\"de\",\"potentialAction\":[{\"@type\":\"ReadAction\",\"target\":[\"https:\\\/\\\/www.heimatverein-wyhl.de\\\/?p=489\"]}]},{\"@type\":\"ImageObject\",\"inLanguage\":\"de\",\"@id\":\"https:\\\/\\\/www.heimatverein-wyhl.de\\\/?p=489#primaryimage\",\"url\":\"http:\\\/\\\/www.heimatverein-wyhl.de\\\/wp-content\\\/uploads\\\/2022\\\/01\\\/1975-1024x682.jpg\",\"contentUrl\":\"http:\\\/\\\/www.heimatverein-wyhl.de\\\/wp-content\\\/uploads\\\/2022\\\/01\\\/1975-1024x682.jpg\"},{\"@type\":\"BreadcrumbList\",\"@id\":\"https:\\\/\\\/www.heimatverein-wyhl.de\\\/?p=489#breadcrumb\",\"itemListElement\":[{\"@type\":\"ListItem\",\"position\":1,\"name\":\"Startseite\",\"item\":\"https:\\\/\\\/www.heimatverein-wyhl.de\\\/\"},{\"@type\":\"ListItem\",\"position\":2,\"name\":\"Wolfgang Zimmer\"}]},{\"@type\":\"WebSite\",\"@id\":\"https:\\\/\\\/www.heimatverein-wyhl.de\\\/#website\",\"url\":\"https:\\\/\\\/www.heimatverein-wyhl.de\\\/\",\"name\":\"Heimatverein Wyhl e.V.\",\"description\":\"Herzlich Willkommen beim Heimatverein Wyhl e.V.\",\"potentialAction\":[{\"@type\":\"SearchAction\",\"target\":{\"@type\":\"EntryPoint\",\"urlTemplate\":\"https:\\\/\\\/www.heimatverein-wyhl.de\\\/?s={search_term_string}\"},\"query-input\":{\"@type\":\"PropertyValueSpecification\",\"valueRequired\":true,\"valueName\":\"search_term_string\"}}],\"inLanguage\":\"de\"},{\"@type\":\"Person\",\"@id\":\"https:\\\/\\\/www.heimatverein-wyhl.de\\\/#\\\/schema\\\/person\\\/bb6cd66378936cb96cb0097e5e3b8705\",\"name\":\"Jan Leber\",\"image\":{\"@type\":\"ImageObject\",\"inLanguage\":\"de\",\"@id\":\"https:\\\/\\\/secure.gravatar.com\\\/avatar\\\/7430250510e3b7f19fc4fa0f01582308566e6de3d197d89d5ac148c29bc3dafc?s=96&d=mm&r=g\",\"url\":\"https:\\\/\\\/secure.gravatar.com\\\/avatar\\\/7430250510e3b7f19fc4fa0f01582308566e6de3d197d89d5ac148c29bc3dafc?s=96&d=mm&r=g\",\"contentUrl\":\"https:\\\/\\\/secure.gravatar.com\\\/avatar\\\/7430250510e3b7f19fc4fa0f01582308566e6de3d197d89d5ac148c29bc3dafc?s=96&d=mm&r=g\",\"caption\":\"Jan Leber\"},\"url\":\"https:\\\/\\\/www.heimatverein-wyhl.de\\\/?author=2\"}]}<\/script>\n<!-- \/ Yoast SEO plugin. -->","yoast_head_json":{"title":"Wolfgang Zimmer - Heimatverein Wyhl e.V.","robots":{"index":"index","follow":"follow","max-snippet":"max-snippet:-1","max-image-preview":"max-image-preview:large","max-video-preview":"max-video-preview:-1"},"canonical":"https:\/\/www.heimatverein-wyhl.de\/?p=489","og_locale":"de_DE","og_type":"article","og_title":"Wolfgang Zimmer - Heimatverein Wyhl e.V.","og_description":"Wolfgang Zimmer *3. Oktober 1941&nbsp; + 10. Oktober 2006 1968 bis 1992 B\u00fcrgermeister der Gemeinde Wyhl Hier die Dokumentation als PDF &#8211; mit Bildern Wolfgang Zimmer&nbsp;&nbsp;&nbsp;&nbsp;&nbsp;&nbsp;(Verfasser Norbert Zimmer) Wolfgang Zimmer wurde am 3. Oktober 1941 in Emmendingen als drittes KInd","og_url":"https:\/\/www.heimatverein-wyhl.de\/?p=489","og_site_name":"Heimatverein Wyhl e.V.","article_published_time":"2022-01-25T20:00:22+00:00","article_modified_time":"2022-01-25T20:15:30+00:00","og_image":[{"url":"http:\/\/www.heimatverein-wyhl.de\/wp-content\/uploads\/2022\/01\/1975-1024x682.jpg","type":"","width":"","height":""}],"author":"Jan Leber","twitter_card":"summary_large_image","twitter_misc":{"Verfasst von":"Jan Leber","Gesch\u00e4tzte Lesezeit":"5\u00a0Minuten"},"schema":{"@context":"https:\/\/schema.org","@graph":[{"@type":"Article","@id":"https:\/\/www.heimatverein-wyhl.de\/?p=489#article","isPartOf":{"@id":"https:\/\/www.heimatverein-wyhl.de\/?p=489"},"author":{"name":"Jan Leber","@id":"https:\/\/www.heimatverein-wyhl.de\/#\/schema\/person\/bb6cd66378936cb96cb0097e5e3b8705"},"headline":"Wolfgang Zimmer","datePublished":"2022-01-25T20:00:22+00:00","dateModified":"2022-01-25T20:15:30+00:00","mainEntityOfPage":{"@id":"https:\/\/www.heimatverein-wyhl.de\/?p=489"},"wordCount":1010,"image":{"@id":"https:\/\/www.heimatverein-wyhl.de\/?p=489#primaryimage"},"thumbnailUrl":"http:\/\/www.heimatverein-wyhl.de\/wp-content\/uploads\/2022\/01\/1975-1024x682.jpg","articleSection":["Wyhler Personen"],"inLanguage":"de"},{"@type":"WebPage","@id":"https:\/\/www.heimatverein-wyhl.de\/?p=489","url":"https:\/\/www.heimatverein-wyhl.de\/?p=489","name":"Wolfgang Zimmer - Heimatverein Wyhl e.V.","isPartOf":{"@id":"https:\/\/www.heimatverein-wyhl.de\/#website"},"primaryImageOfPage":{"@id":"https:\/\/www.heimatverein-wyhl.de\/?p=489#primaryimage"},"image":{"@id":"https:\/\/www.heimatverein-wyhl.de\/?p=489#primaryimage"},"thumbnailUrl":"http:\/\/www.heimatverein-wyhl.de\/wp-content\/uploads\/2022\/01\/1975-1024x682.jpg","datePublished":"2022-01-25T20:00:22+00:00","dateModified":"2022-01-25T20:15:30+00:00","author":{"@id":"https:\/\/www.heimatverein-wyhl.de\/#\/schema\/person\/bb6cd66378936cb96cb0097e5e3b8705"},"breadcrumb":{"@id":"https:\/\/www.heimatverein-wyhl.de\/?p=489#breadcrumb"},"inLanguage":"de","potentialAction":[{"@type":"ReadAction","target":["https:\/\/www.heimatverein-wyhl.de\/?p=489"]}]},{"@type":"ImageObject","inLanguage":"de","@id":"https:\/\/www.heimatverein-wyhl.de\/?p=489#primaryimage","url":"http:\/\/www.heimatverein-wyhl.de\/wp-content\/uploads\/2022\/01\/1975-1024x682.jpg","contentUrl":"http:\/\/www.heimatverein-wyhl.de\/wp-content\/uploads\/2022\/01\/1975-1024x682.jpg"},{"@type":"BreadcrumbList","@id":"https:\/\/www.heimatverein-wyhl.de\/?p=489#breadcrumb","itemListElement":[{"@type":"ListItem","position":1,"name":"Startseite","item":"https:\/\/www.heimatverein-wyhl.de\/"},{"@type":"ListItem","position":2,"name":"Wolfgang Zimmer"}]},{"@type":"WebSite","@id":"https:\/\/www.heimatverein-wyhl.de\/#website","url":"https:\/\/www.heimatverein-wyhl.de\/","name":"Heimatverein Wyhl e.V.","description":"Herzlich Willkommen beim Heimatverein Wyhl e.V.","potentialAction":[{"@type":"SearchAction","target":{"@type":"EntryPoint","urlTemplate":"https:\/\/www.heimatverein-wyhl.de\/?s={search_term_string}"},"query-input":{"@type":"PropertyValueSpecification","valueRequired":true,"valueName":"search_term_string"}}],"inLanguage":"de"},{"@type":"Person","@id":"https:\/\/www.heimatverein-wyhl.de\/#\/schema\/person\/bb6cd66378936cb96cb0097e5e3b8705","name":"Jan Leber","image":{"@type":"ImageObject","inLanguage":"de","@id":"https:\/\/secure.gravatar.com\/avatar\/7430250510e3b7f19fc4fa0f01582308566e6de3d197d89d5ac148c29bc3dafc?s=96&d=mm&r=g","url":"https:\/\/secure.gravatar.com\/avatar\/7430250510e3b7f19fc4fa0f01582308566e6de3d197d89d5ac148c29bc3dafc?s=96&d=mm&r=g","contentUrl":"https:\/\/secure.gravatar.com\/avatar\/7430250510e3b7f19fc4fa0f01582308566e6de3d197d89d5ac148c29bc3dafc?s=96&d=mm&r=g","caption":"Jan Leber"},"url":"https:\/\/www.heimatverein-wyhl.de\/?author=2"}]}},"_links":{"self":[{"href":"https:\/\/www.heimatverein-wyhl.de\/index.php?rest_route=\/wp\/v2\/posts\/489","targetHints":{"allow":["GET"]}}],"collection":[{"href":"https:\/\/www.heimatverein-wyhl.de\/index.php?rest_route=\/wp\/v2\/posts"}],"about":[{"href":"https:\/\/www.heimatverein-wyhl.de\/index.php?rest_route=\/wp\/v2\/types\/post"}],"author":[{"embeddable":true,"href":"https:\/\/www.heimatverein-wyhl.de\/index.php?rest_route=\/wp\/v2\/users\/2"}],"replies":[{"embeddable":true,"href":"https:\/\/www.heimatverein-wyhl.de\/index.php?rest_route=%2Fwp%2Fv2%2Fcomments&post=489"}],"version-history":[{"count":9,"href":"https:\/\/www.heimatverein-wyhl.de\/index.php?rest_route=\/wp\/v2\/posts\/489\/revisions"}],"predecessor-version":[{"id":701,"href":"https:\/\/www.heimatverein-wyhl.de\/index.php?rest_route=\/wp\/v2\/posts\/489\/revisions\/701"}],"wp:attachment":[{"href":"https:\/\/www.heimatverein-wyhl.de\/index.php?rest_route=%2Fwp%2Fv2%2Fmedia&parent=489"}],"wp:term":[{"taxonomy":"category","embeddable":true,"href":"https:\/\/www.heimatverein-wyhl.de\/index.php?rest_route=%2Fwp%2Fv2%2Fcategories&post=489"},{"taxonomy":"post_tag","embeddable":true,"href":"https:\/\/www.heimatverein-wyhl.de\/index.php?rest_route=%2Fwp%2Fv2%2Ftags&post=489"}],"curies":[{"name":"wp","href":"https:\/\/api.w.org\/{rel}","templated":true}]}}